{"id":42718,"date":"2023-10-11T17:20:08","date_gmt":"2023-10-11T20:20:08","guid":{"rendered":"https:\/\/www.educacao.niteroi.rj.gov.br\/?p=42718"},"modified":"2023-10-11T17:20:08","modified_gmt":"2023-10-11T20:20:08","slug":"escolas-da-rede-municipal-de-niteroi-comemoram-o-mes-da-crianca","status":"publish","type":"post","link":"https:\/\/www.educacao.niteroi.rj.gov.br\/?p=42718","title":{"rendered":"Escolas da Rede Municipal de Niter\u00f3i comemoram o M\u00eas da Crian\u00e7a"},"content":{"rendered":"<p>O m\u00eas de outubro ganhou um atrativo nas escolas da Rede Municipal de Niter\u00f3i. A Secretaria e Funda\u00e7\u00e3o Municipal de Educa\u00e7\u00e3o preparam uma programa\u00e7\u00e3o especial em comemora\u00e7\u00e3o ao M\u00eas da Crian\u00e7a, que teve in\u00edcio na \u00faltima segunda-feira, dia 9, e vai at\u00e9 o dia 31.<\/p>\n<p>A iniciativa \u00e9 uma parceria com a Funda\u00e7\u00e3o Artes de Niter\u00f3i, atrav\u00e9s da Subsecretaria de Programas Educacionais Comunit\u00e1rios. As atividades est\u00e3o acontecendo nas Unidades Municipais de Educa\u00e7\u00e3o Infantil (Umei), Escolas Municipais que atendem \u00e0s modalidades de Educa\u00e7\u00e3o Infantil e nas Creches Comunit\u00e1rias.<\/p>\n<p>Para o secret\u00e1rio de Educa\u00e7\u00e3o e presidente da Funda\u00e7\u00e3o Municipal de Educa\u00e7\u00e3o, Bira Marques, iniciativas como essa integram as crian\u00e7as com a escola, trazendo divers\u00e3o e leveza para o aprendizado.<\/p>\n<p>\u201cOutubro \u00e9 o m\u00eas deles, eles merecem brincar e se divertir, isso \u00e9 parte fundamental para a forma\u00e7\u00e3o das crian\u00e7as. A escola, para al\u00e9m do aprendizado, \u00e9 um espa\u00e7o de integra\u00e7\u00e3o, de socializa\u00e7\u00e3o, \u00e9 o primeiro contato que temos com o mundo externo e com a ideia de sociedade. Estamos muito felizes de poder proporcionar esse evento, que vai trazer tanta alegria\u201d, pontuou.<\/p>\n<p>De acordo com a subsecret\u00e1ria de Programas Educacionais Comunit\u00e1rios, professora Patr\u00edcia Gomes, todas a programa\u00e7\u00e3o foi elaborada buscando valorizar a Arte e a Cultura.<\/p>\n<p>&#8220;Os alunos est\u00e3o tendo a oportunidade assistir a apresenta\u00e7\u00f5es de circo, teatro, dan\u00e7a, dramatiza\u00e7\u00f5es. Al\u00e9m de diversas atividades l\u00fadicas, as unidades receber\u00e3o brinquedos infl\u00e1veis para poder curtir uma tarde gostosa na escola, com direito \u00e0 pipoca. Estamos muito felizes em poder oportunizar essa experi\u00eancia para as nossas crian\u00e7as&#8221; afirmou.<\/p>\n<p>A subsecret\u00e1ria de Desenvolvimento Educacional, Ana L\u00facia Schilke celebra esse momento de divers\u00e3o e aprendizado.<\/p>\n<p>\u201cAs brincadeiras e o ensino l\u00fadico s\u00e3o essenciais para o desenvolvimento das nossas crian\u00e7as. Muitas das vezes, os conte\u00fados s\u00e3o melhores assimilados quando transmitidos de forma mais interativa e alternativa, para al\u00e9m das paredes das salas de aula\u201d, destacou.<\/p>\n<p><img loading=\"lazy\" decoding=\"async\" class=\"aligncenter wp-image-42719 size-large\" src=\"https:\/\/www.educacao.niteroi.rj.gov.br\/wp-content\/uploads\/2023\/10\/WhatsApp-Image-2023-10-11-at-17.05.03-1-1024x682.jpeg\" alt=\"\" width=\"1024\" height=\"682\" srcset=\"https:\/\/www.educacao.niteroi.rj.gov.br\/wp-content\/uploads\/2023\/10\/WhatsApp-Image-2023-10-11-at-17.05.03-1-980x653.jpeg 980w, https:\/\/www.educacao.niteroi.rj.gov.br\/wp-content\/uploads\/2023\/10\/WhatsApp-Image-2023-10-11-at-17.05.03-1-480x320.jpeg 480w\" sizes=\"auto, (min-width: 0px) and (max-width: 480px) 480px, (min-width: 481px) and (max-width: 980px) 980px, (min-width: 981px) 1024px, 100vw\" \/>Foto: Cheila Pacetti\/ASCOM<\/p>\n<p>Na Escola Municipal Maestro Heitor Villa-Lobos, na Ilha da Concei\u00e7\u00e3o, alunos do primeiro e do segundo ano lotaram o audit\u00f3rio da unidade e se divertiram com o Teatro de Fantoches. De acordo com a diretora Elizia de Paula, as atividades l\u00fadicas devem acompanhar a forma\u00e7\u00e3o e o desenvolvimento da crian\u00e7a.<\/p>\n<p>\u201cAtrav\u00e9s das brincadeiras, das oficinas e das apresenta\u00e7\u00f5es, elas acabam descobrindo o mundo da Arte. Sem falar do sorriso e da alegria que cada uma delas demonstra por participar de tantas atividades legais que est\u00e3o sendo realizadas na escola&#8221; declarou El\u00edzia.<\/p>\n<p>Os alunos da Escola Municipal Jacinta Medela, na comunidade da Vila Ipiranga, no Fonseca, tamb\u00e9m deram boas risadas durante a apresenta\u00e7\u00e3o da Companhia Anime Teatro. Eles assistiram a uma pe\u00e7a do Super M\u00e1rio, personagem de jogo eletr\u00f4nico.<\/p>\n<p>&#8220;Educa\u00e7\u00e3o n\u00e3o se resume apenas a sala de aula. H\u00e1 outras propostas que cooperam para o aprendizado e as crian\u00e7as reagem muito bem a todas elas. Atrav\u00e9s das brincadeiras, elas ficam super motivadas e felizes por estarem na escola&#8221;, ressaltou a diretora da escola, Myrna Campos.<\/p>\n<p>Ap\u00f3s o espet\u00e1culo, alguns alunos falaram da experi\u00eancia de assistir a uma pe\u00e7a na escola, alguns pela primeira vez:<\/p>\n<p>&#8220;Eu gostei por que eles contaram as hist\u00f3rias do Mundo dos Cogumelos&#8221;, disse a aluna do 4\u00ba ano, Ana Carolina dos Santos.<\/p>\n<p>&#8220;Eu achei que todos se apresentaram muito bem. A escola est\u00e1 animada e muito divertida&#8221;, contou Nicolas Fel\u00edcio, do 5\u00ba ano.<\/p>\n<p>O ator Lucas Costa trabalha com teatro h\u00e1 dez anos. Ele elogiou o projeto que est\u00e1 sendo desenvolvido em comemora\u00e7\u00e3o ao M\u00eas da Crian\u00e7a nas escolas de Niter\u00f3i.<\/p>\n<p><img loading=\"lazy\" decoding=\"async\" class=\"aligncenter wp-image-42720 size-large\" src=\"https:\/\/www.educacao.niteroi.rj.gov.br\/wp-content\/uploads\/2023\/10\/WhatsApp-Image-2023-10-11-at-17.05.03-2-1024x682.jpeg\" alt=\"\" width=\"1024\" height=\"682\" srcset=\"https:\/\/www.educacao.niteroi.rj.gov.br\/wp-content\/uploads\/2023\/10\/WhatsApp-Image-2023-10-11-at-17.05.03-2-980x653.jpeg 980w, https:\/\/www.educacao.niteroi.rj.gov.br\/wp-content\/uploads\/2023\/10\/WhatsApp-Image-2023-10-11-at-17.05.03-2-480x320.jpeg 480w\" sizes=\"auto, (min-width: 0px) and (max-width: 480px) 480px, (min-width: 481px) and (max-width: 980px) 980px, (min-width: 981px) 1024px, 100vw\" \/>Foto: Cheila Pacetti\/ASCOM<\/p>\n<p>&#8220;\u00c9 um privil\u00e9gio levar a cultura para a escola p\u00fablica, porque nem todos t\u00eam oportunidade de assistir a este tipo de entretenimento. Tivemos uma recep\u00e7\u00e3o sensacional, que n\u00e3o costumamos ter nas nossas apresenta\u00e7\u00f5es. A gente v\u00ea o brilho nos olhos da garotada diante de uma linguagem que eles n\u00e3o conhecem. \u00c9 tudo novo para eles e tamb\u00e9m \u00e9 novo para n\u00f3s&#8221;, concluiu Lucas.<\/p>\n","protected":false},"excerpt":{"rendered":"<p>O m\u00eas de outubro ganhou um atrativo nas escolas da Rede Municipal de Niter\u00f3i. A Secretaria e Funda\u00e7\u00e3o Municipal de Educa\u00e7\u00e3o preparam uma programa\u00e7\u00e3o especial em comemora\u00e7\u00e3o ao M\u00eas da Crian\u00e7a, que teve in\u00edcio na \u00faltima segunda-feira, dia 9, e vai at\u00e9 o dia 31. A iniciativa \u00e9 uma parceria com a Funda\u00e7\u00e3o Artes de [&hellip;]<\/p>\n","protected":false},"author":6,"featured_media":42721,"comment_status":"closed","ping_status":"closed","sticky":false,"template":"","format":"standard","meta":{"_et_pb_use_builder":"","_et_pb_old_content":"","_et_gb_content_width":"","footnotes":""},"categories":[4,6,10],"tags":[],"class_list":["post-42718","post","type-post","status-publish","format-standard","has-post-thumbnail","hentry","category-destaque","category-noticias","category-ultimas-noticias"],"_links":{"self":[{"href":"https:\/\/www.educacao.niteroi.rj.gov.br\/index.php?rest_route=\/wp\/v2\/posts\/42718","targetHints":{"allow":["GET"]}}],"collection":[{"href":"https:\/\/www.educacao.niteroi.rj.gov.br\/index.php?rest_route=\/wp\/v2\/posts"}],"about":[{"href":"https:\/\/www.educacao.niteroi.rj.gov.br\/index.php?rest_route=\/wp\/v2\/types\/post"}],"author":[{"embeddable":true,"href":"https:\/\/www.educacao.niteroi.rj.gov.br\/index.php?rest_route=\/wp\/v2\/users\/6"}],"replies":[{"embeddable":true,"href":"https:\/\/www.educacao.niteroi.rj.gov.br\/index.php?rest_route=%2Fwp%2Fv2%2Fcomments&post=42718"}],"version-history":[{"count":1,"href":"https:\/\/www.educacao.niteroi.rj.gov.br\/index.php?rest_route=\/wp\/v2\/posts\/42718\/revisions"}],"predecessor-version":[{"id":42722,"href":"https:\/\/www.educacao.niteroi.rj.gov.br\/index.php?rest_route=\/wp\/v2\/posts\/42718\/revisions\/42722"}],"wp:featuredmedia":[{"embeddable":true,"href":"https:\/\/www.educacao.niteroi.rj.gov.br\/index.php?rest_route=\/wp\/v2\/media\/42721"}],"wp:attachment":[{"href":"https:\/\/www.educacao.niteroi.rj.gov.br\/index.php?rest_route=%2Fwp%2Fv2%2Fmedia&parent=42718"}],"wp:term":[{"taxonomy":"category","embeddable":true,"href":"https:\/\/www.educacao.niteroi.rj.gov.br\/index.php?rest_route=%2Fwp%2Fv2%2Fcategories&post=42718"},{"taxonomy":"post_tag","embeddable":true,"href":"https:\/\/www.educacao.niteroi.rj.gov.br\/index.php?rest_route=%2Fwp%2Fv2%2Ftags&post=42718"}],"curies":[{"name":"wp","href":"https:\/\/api.w.org\/{rel}","templated":true}]}}