{"id":43201,"date":"2023-12-22T10:46:25","date_gmt":"2023-12-22T13:46:25","guid":{"rendered":"https:\/\/www.educacao.niteroi.rj.gov.br\/?p=43201"},"modified":"2023-12-22T10:46:25","modified_gmt":"2023-12-22T13:46:25","slug":"escolas-fazem-festa-para-comemorar-o-fim-do-ano-letivo","status":"publish","type":"post","link":"https:\/\/www.educacao.niteroi.rj.gov.br\/?p=43201","title":{"rendered":"Escolas fazem festa para comemorar o fim do ano letivo"},"content":{"rendered":"<p>O fim do ano letivo \u00e9 um dos momentos mais aguardados pelas escolas e pelas fam\u00edlias. Al\u00e9m de vencer mais uma etapa nos estudos, alguns alunos vivem a expectativa da transi\u00e7\u00e3o da Educa\u00e7\u00e3o Infantil para o Ensino Fundamental, enquanto outros v\u00e3o para o Ensino M\u00e9dio. Para comemorar essa vit\u00f3ria t\u00e3o importante, as escolas da Rede Municipal de Niter\u00f3i fazem uma bonita festa reunindo alunos, respons\u00e1veis, familiares, professores e funcion\u00e1rios. Foi o que aconteceu nesta quarta-feira (20), na Unidade Municipal de Educa\u00e7\u00e3o Infantil Rosalda Paim, localizada no Centro, e a na Escola Municipal Rachide Salim Saker, em Santa B\u00e1rbara.<\/p>\n<p><img loading=\"lazy\" decoding=\"async\" class=\"size-medium wp-image-43203 alignright\" src=\"https:\/\/www.educacao.niteroi.rj.gov.br\/wp-content\/uploads\/2023\/12\/WhatsApp-Image-2023-12-20-at-14.49.14-300x200.jpeg\" alt=\"\" width=\"300\" height=\"200\" \/>Um grupo de alunos do Grei 5A e 5B se despediu da UMEI, em um clima de muita emo\u00e7\u00e3o, com direito a bolo, sess\u00e3o de fotos e uma bonita apresenta\u00e7\u00e3o musical.<\/p>\n<p>&#8220;Todo ciclo merece ser comemorado, e por isso preparamos uma festa para as crian\u00e7as e com as crian\u00e7as. Elas n\u00e3o est\u00e3o se formando, mas concluindo uma etapa importante do desenvolvimento e da trajet\u00f3ria escolar. A minha expectativa \u00e9 que elas trilhem um primeiro ano de maneira brilhante&#8221;, afirmou a diretora Leda Marina.<\/p>\n<p>Tamb\u00e9m teve festa para marcar a conclus\u00e3o do Ensino Fundamental dos alunos da Escola Municipal Rachide da Gl\u00f3ria Salim Sacker, em Santa B\u00e1rbara. Al\u00e9m de receberem o certificado das m\u00e3os da equipe pedag\u00f3gica, eles tamb\u00e9m participaram de um almo\u00e7o de confraterniza\u00e7\u00e3o.<\/p>\n<p>&#8220;Esse momento de formatura do 9\u00ba ano \u00e9 especial para todos n\u00f3s. Eu tamb\u00e9m fui professora deles e fico feliz de ter contribu\u00eddo no processo de forma\u00e7\u00e3o de cada um deles. Hoje eles d\u00e3o mais um passo em dire\u00e7\u00e3o ao futuro que sonham e, com certeza, ir\u00e3o alcan\u00e7ar&#8221;, ressaltou a diretora-adjunta da unidade, Carmem Pazzoto.<\/p>\n<p>Em meio as comemora\u00e7\u00f5es, os alunos Renato Mendes e Iasmim Ribeiro fizeram quest\u00e3o de compartilhar as experi\u00eancias vividas na escola e o conv\u00edvio com professores e demais colegas.<\/p>\n<p>&#8220;\u00c9 um momento muito legal para mim e essa vit\u00f3ria me deu um gatilho para evoluir ainda mais como pessoa e tamb\u00e9m como aluno. Quero ser mergulhador profissional e para isso preciso estudar e me preparar muito&#8221;, comemorou Renato Mendes.<\/p>\n<p>&#8220;Nos anos anteriores eu fui aprovada e continuei na mesma escola, agora estou me despedindo das pessoas. \u00c9 uma sensa\u00e7\u00e3o diferente que estou vivendo. D\u00f3i um pouco me afastar da galera, mas estamos conquistando coisas importantes&#8221; disse Iasmim, bastante emocionada.<\/p>\n","protected":false},"excerpt":{"rendered":"<p>O fim do ano letivo \u00e9 um dos momentos mais aguardados pelas escolas e pelas fam\u00edlias. Al\u00e9m de vencer mais uma etapa nos estudos, alguns alunos vivem a expectativa da transi\u00e7\u00e3o da Educa\u00e7\u00e3o Infantil para o Ensino Fundamental, enquanto outros v\u00e3o para o Ensino M\u00e9dio. Para comemorar essa vit\u00f3ria t\u00e3o importante, as escolas da Rede [&hellip;]<\/p>\n","protected":false},"author":6,"featured_media":43202,"comment_status":"closed","ping_status":"closed","sticky":false,"template":"","format":"standard","meta":{"_et_pb_use_builder":"","_et_pb_old_content":"","_et_gb_content_width":"","footnotes":""},"categories":[10],"tags":[],"class_list":["post-43201","post","type-post","status-publish","format-standard","has-post-thumbnail","hentry","category-ultimas-noticias"],"_links":{"self":[{"href":"https:\/\/www.educacao.niteroi.rj.gov.br\/index.php?rest_route=\/wp\/v2\/posts\/43201","targetHints":{"allow":["GET"]}}],"collection":[{"href":"https:\/\/www.educacao.niteroi.rj.gov.br\/index.php?rest_route=\/wp\/v2\/posts"}],"about":[{"href":"https:\/\/www.educacao.niteroi.rj.gov.br\/index.php?rest_route=\/wp\/v2\/types\/post"}],"author":[{"embeddable":true,"href":"https:\/\/www.educacao.niteroi.rj.gov.br\/index.php?rest_route=\/wp\/v2\/users\/6"}],"replies":[{"embeddable":true,"href":"https:\/\/www.educacao.niteroi.rj.gov.br\/index.php?rest_route=%2Fwp%2Fv2%2Fcomments&post=43201"}],"version-history":[{"count":1,"href":"https:\/\/www.educacao.niteroi.rj.gov.br\/index.php?rest_route=\/wp\/v2\/posts\/43201\/revisions"}],"predecessor-version":[{"id":43204,"href":"https:\/\/www.educacao.niteroi.rj.gov.br\/index.php?rest_route=\/wp\/v2\/posts\/43201\/revisions\/43204"}],"wp:featuredmedia":[{"embeddable":true,"href":"https:\/\/www.educacao.niteroi.rj.gov.br\/index.php?rest_route=\/wp\/v2\/media\/43202"}],"wp:attachment":[{"href":"https:\/\/www.educacao.niteroi.rj.gov.br\/index.php?rest_route=%2Fwp%2Fv2%2Fmedia&parent=43201"}],"wp:term":[{"taxonomy":"category","embeddable":true,"href":"https:\/\/www.educacao.niteroi.rj.gov.br\/index.php?rest_route=%2Fwp%2Fv2%2Fcategories&post=43201"},{"taxonomy":"post_tag","embeddable":true,"href":"https:\/\/www.educacao.niteroi.rj.gov.br\/index.php?rest_route=%2Fwp%2Fv2%2Ftags&post=43201"}],"curies":[{"name":"wp","href":"https:\/\/api.w.org\/{rel}","templated":true}]}}