{"id":45064,"date":"2024-12-06T10:32:45","date_gmt":"2024-12-06T13:32:45","guid":{"rendered":"https:\/\/www.educacao.niteroi.rj.gov.br\/?p=45064"},"modified":"2024-12-06T10:32:45","modified_gmt":"2024-12-06T13:32:45","slug":"resultado-de-pre-matricula-na-educacao-infantil-em-niteroi-sera-divulgado-no-dia-6","status":"publish","type":"post","link":"https:\/\/www.educacao.niteroi.rj.gov.br\/?p=45064","title":{"rendered":"Resultado de pr\u00e9-matr\u00edcula na Educa\u00e7\u00e3o Infantil em Niter\u00f3i ser\u00e1 divulgado no dia 6"},"content":{"rendered":"<p>30\/11\/2024 &#8211; O resultado da pr\u00e9-matr\u00edcula da Educa\u00e7\u00e3o Infantil da Rede Municipal de Niter\u00f3i ser\u00e1 divulgado no dia 6 de dezembro, \u00e0s 18. A divulga\u00e7\u00e3o, anteriormente prevista para o dia 2, precisou ser adiada devido ao prazo anteriormente estendido, nesta semana, para o envio do comprovante de resid\u00eancia daqueles que realizaram a inscri\u00e7\u00e3o e n\u00e3o anexaram. Conforme o edital de matr\u00edculas, para ser contemplado com uma vaga \u00e9 necess\u00e1rio morar em Niter\u00f3i e comprovar resid\u00eancia na cidade.<\/p>\n<p>O resultado ser\u00e1 enviado por e-mail, SMS e tamb\u00e9m ficar\u00e1 dispon\u00edvel no site https:\/\/matriculaniteroi.colab.re\/. O prazo para efetiva\u00e7\u00e3o na Unidade de Educa\u00e7\u00e3o contemplada ser\u00e1 de 9 a 13 de dezembro.<\/p>\n<p>Quem se inscreveu e ainda n\u00e3o enviou o comprovante ter\u00e1 uma nova oportunidade de anex\u00e1-lo a partir da pr\u00f3xima semana, atrav\u00e9s de um link que ser\u00e1 enviado pelo Colab para o telefone de contato e e-mail informados no ato da inscri\u00e7\u00e3o. Dessa forma, poder\u00e1 participar da etapa de reclassifica\u00e7\u00e3o, prevista para 28 de janeiro.<\/p>\n<p>Cronograma &#8211; Entre os dias 16 e 20 de dezembro, ser\u00e3o abertas as solicita\u00e7\u00f5es de transfer\u00eancia do Ensino Fundamental entre as unidades da rede. As solicita\u00e7\u00f5es dever\u00e3o ser feitas presencialmente, na secretaria da unidade em que o candidato est\u00e1 matriculado. O resultado sai no dia 6 de janeiro, com efetiva\u00e7\u00e3o da pr\u00e9-matr\u00edcula prevista de 7 a 10 de janeiro.<\/p>\n<p>Depois, do dia 6 a 10 de janeiro, ser\u00e1 a vez das inscri\u00e7\u00f5es para o Ensino Fundamental, destinada \u00e0queles que querem ingressar na Rede Municipal de Educa\u00e7\u00e3o. Os resultados ser\u00e3o divulgados no dia 20 de janeiro e a efetiva\u00e7\u00e3o dever\u00e1 ser realizada no per\u00edodo entre 21 a 24 de janeiro.<\/p>\n<p>Na etapa seguinte, ser\u00e1 a vez do processo de reclassifica\u00e7\u00e3o de candidatos n\u00e3o contemplados nas etapas anteriores para as vagas remanescentes de todos os anos de escolaridade. O resultado ser\u00e1 divulgado no dia 28 de janeiro, com o per\u00edodo para pr\u00e9-matr\u00edcula nas unidades de 29 a 31 de janeiro. A \u00faltima etapa \u00e9 a permanente, que ter\u00e1 in\u00edcio no dia 20 de fevereiro. A partir desta data, os respons\u00e1veis poder\u00e3o fazer a inscri\u00e7\u00e3o no site para as vagas remanescentes de todos os anos de escolaridade.<\/p>\n","protected":false},"excerpt":{"rendered":"<p>30\/11\/2024 &#8211; O resultado da pr\u00e9-matr\u00edcula da Educa\u00e7\u00e3o Infantil da Rede Municipal de Niter\u00f3i ser\u00e1 divulgado no dia 6 de dezembro, \u00e0s 18. A divulga\u00e7\u00e3o, anteriormente prevista para o dia 2, precisou ser adiada devido ao prazo anteriormente estendido, nesta semana, para o envio do comprovante de resid\u00eancia daqueles que realizaram a inscri\u00e7\u00e3o e n\u00e3o [&hellip;]<\/p>\n","protected":false},"author":6,"featured_media":45065,"comment_status":"closed","ping_status":"closed","sticky":false,"template":"","format":"standard","meta":{"_et_pb_use_builder":"","_et_pb_old_content":"","_et_gb_content_width":"","footnotes":""},"categories":[4,6,10],"tags":[],"class_list":["post-45064","post","type-post","status-publish","format-standard","has-post-thumbnail","hentry","category-destaque","category-noticias","category-ultimas-noticias"],"_links":{"self":[{"href":"https:\/\/www.educacao.niteroi.rj.gov.br\/index.php?rest_route=\/wp\/v2\/posts\/45064","targetHints":{"allow":["GET"]}}],"collection":[{"href":"https:\/\/www.educacao.niteroi.rj.gov.br\/index.php?rest_route=\/wp\/v2\/posts"}],"about":[{"href":"https:\/\/www.educacao.niteroi.rj.gov.br\/index.php?rest_route=\/wp\/v2\/types\/post"}],"author":[{"embeddable":true,"href":"https:\/\/www.educacao.niteroi.rj.gov.br\/index.php?rest_route=\/wp\/v2\/users\/6"}],"replies":[{"embeddable":true,"href":"https:\/\/www.educacao.niteroi.rj.gov.br\/index.php?rest_route=%2Fwp%2Fv2%2Fcomments&post=45064"}],"version-history":[{"count":1,"href":"https:\/\/www.educacao.niteroi.rj.gov.br\/index.php?rest_route=\/wp\/v2\/posts\/45064\/revisions"}],"predecessor-version":[{"id":45066,"href":"https:\/\/www.educacao.niteroi.rj.gov.br\/index.php?rest_route=\/wp\/v2\/posts\/45064\/revisions\/45066"}],"wp:featuredmedia":[{"embeddable":true,"href":"https:\/\/www.educacao.niteroi.rj.gov.br\/index.php?rest_route=\/wp\/v2\/media\/45065"}],"wp:attachment":[{"href":"https:\/\/www.educacao.niteroi.rj.gov.br\/index.php?rest_route=%2Fwp%2Fv2%2Fmedia&parent=45064"}],"wp:term":[{"taxonomy":"category","embeddable":true,"href":"https:\/\/www.educacao.niteroi.rj.gov.br\/index.php?rest_route=%2Fwp%2Fv2%2Fcategories&post=45064"},{"taxonomy":"post_tag","embeddable":true,"href":"https:\/\/www.educacao.niteroi.rj.gov.br\/index.php?rest_route=%2Fwp%2Fv2%2Ftags&post=45064"}],"curies":[{"name":"wp","href":"https:\/\/api.w.org\/{rel}","templated":true}]}}