{"id":47724,"date":"2026-03-13T16:23:07","date_gmt":"2026-03-13T19:23:07","guid":{"rendered":"https:\/\/www.educacao.niteroi.rj.gov.br\/?p=47724"},"modified":"2026-03-30T14:48:37","modified_gmt":"2026-03-30T17:48:37","slug":"circuito-da-cidade-retoma-programacao","status":"publish","type":"post","link":"https:\/\/www.educacao.niteroi.rj.gov.br\/?p=47724","title":{"rendered":"Circuito da Cidade retoma programa\u00e7\u00e3o"},"content":{"rendered":"<p>     <div class=\"btn-container\" id=\"btn-container-pip-container-69f517474d14b\">\r\n        <button class=\"btn-audio-libras\" >\r\n            <img decoding=\"async\" src=\"https:\/\/www.educacao.niteroi.rj.gov.br\/wp-content\/plugins\/pip-video-player\/Btn-audio.svg\" alt=\"Ouvir esta not\u00edcia\" aria-label=\"Ouvir esta not\u00edcia\">\r\n        <\/button>\r\n        <button class=\"btn-libras\" >\r\n            <div class=\"libras-banner\">Not\u00edcias em Libras<\/div>\r\n            <img decoding=\"async\" class=\"libras\" src=\"https:\/\/www.educacao.niteroi.rj.gov.br\/wp-content\/plugins\/pip-video-player\/libras.svg\" alt=\"Not\u00edcias em Libras\" aria-label=\"Not\u00edcias em Libras\">\r\n        <\/button>\r\n    <\/div>\r\n\r\n    <div class=\"pip-audio-container\" data-controls=\"btn-container-pip-container-69f517474d14b\">\r\n        <audio controls>\r\n            <source src=\"#\" type=\"audio\/mpeg\">\r\n            Seu navegador n\u00e3o suporta este player de \u00e1udio\r\n        <\/audio>\r\n    <\/div>\r\n    \r\n    <div id=\"pip-container-69f517474d14b\"\r\n         class=\"pip-video-container\"\r\n         style=\"width: 480px; height: 270px; border: 4px solid #007cba;\"\r\n         data-controls=\"btn-container-pip-container-69f517474d14b\"\r\n         aria-label=\"Janela de libras\"\r\n         role=\"dialog\"\r\n         tabindex=\"0\"\r\n         >\r\n        \r\n        <div class=\"pip-drag-handle\" aria-label=\"Arraste a janela aqui\"> arraste aqui <\/div>\r\n\r\n        <input type=\"hidden\" class=\"tipo-video-input\" value=\"mp4\" aria-hidden=\"true\"\/>\r\n\r\n                    <video class=\"custom-video\"\r\n                   src=\"https:\/\/www.educacao.niteroi.rj.gov.br\/wp-content\/uploads\/2026\/03\/Circuito_da_Cidade_retoma%20_programacao.mp4\"\r\n                   width=\"100%\"\r\n                   height=\"100%\"\r\n                   muted\r\n                                  \r\n                   playsinline>\r\n            <\/video>\r\n             <div id=\"playButton\" class=\"play-button\"><\/div>    \r\n            <div class=\"controls-container\" aria-label=\"controles de v\u00eddeo em libras\">\r\n                <button class=\"control-button play-pause-btn\">\u25b6\ufe0f<\/button>\r\n                <div class=\"progress-bar\">\r\n                    <div class=\"progress\"><\/div>\r\n                <\/div>\r\n                <span class=\"current-time control-button\" style=\"font-size: 14px;\">0:00<\/span>\r\n                <span class=\"control-button\" style=\"font-size: 14px;\">\/<\/span>\r\n                <span class=\"duration control-button\" style=\"font-size: 14px;\">0:00<\/span>\r\n            <\/div>\r\n            <\/div>\r\n    <br \/>\n&nbsp;<\/p>\n<p data-raofz=\"15\">Mais de 300 alunos da Rede Municipal de Educa\u00e7\u00e3o visitaram o Museu de Arte Popular Janete Costa, no Ing\u00e1, e o Centro Cultural Sueli Pontes, em Piratininga, como parte do programa Circuito da Cidade. A iniciativa da Prefeitura de Niter\u00f3i tem o objetivo de transformar a pr\u00f3pria cidade em uma sala de aula viva. Participaram do passeio os estudantes das escolas municipais Jacinta Medela, Felisberto de Carvalho, Padre Leonel Franca, Dom Jos\u00e9 Pereira Alves e Paulo de Almeida Campos. O Circuito da Cidade \u00e9 uma a\u00e7\u00e3o conjunta entre a Secretaria Municipal de Educa\u00e7\u00e3o, a Secretaria das Culturas, a Funda\u00e7\u00e3o de Arte de Niter\u00f3i e a Neltur.<\/p>\n<p data-raofz=\"15\">A retomada das atividades do programa, em 2026, aconteceu no Teatro Popular Oscar Niemeyer, no Centro. Participaram da atividade 300 estudantes das escolas municipais Ayrton Senna, Djalma Coutinho de Oliveira, Demenciano Ant\u00f4nio de Moura e Maria Felisberta Baptista da Trindade. Durante o encontro, os alunos tamb\u00e9m assistiram \u00e0 apresenta\u00e7\u00e3o teatral \u201cA Bela Adormecida\u201d.<\/p>\n<p data-raofz=\"15\">Para o secret\u00e1rio municipal de Educa\u00e7\u00e3o, Bira Marques, o Circuito da Cidade refor\u00e7a o compromisso com uma educa\u00e7\u00e3o conectada \u00e0 cidade.<\/p>\n<p data-raofz=\"15\">\u201cO programa reafirma que a aprendizagem tamb\u00e9m acontece fora da sala de aula. Quando os estudantes conhecem a pr\u00f3pria cidade, ampliam horizontes e se aproximam da hist\u00f3ria, da cultura e das riquezas do lugar onde vivem. Isso fortalece o sentimento de pertencimento e contribui para a forma\u00e7\u00e3o de cidad\u00e3os mais conscientes, cr\u00edticos e orgulhosos de Niter\u00f3i. O Circuito \u00e9 uma experi\u00eancia que marca a trajet\u00f3ria escolar e deixa mem\u00f3rias que acompanham nossos alunos por toda a vida\u201d, destacou Bira Marques.<\/p>\n<p data-raofz=\"15\">Para o presidente da Neltur, Andr\u00e9 Bento, a iniciativa amplia o aprendizado para al\u00e9m da sala de aula.<\/p>\n<p data-raofz=\"15\">\u201cAs crian\u00e7as estudam a hist\u00f3ria de Niter\u00f3i nas salas de aula, e poder vivenciar isso de perto, nos pontos tur\u00edsticos e hist\u00f3ricos, por meio do Circuito da Cidade, torna esse aprendizado ainda mais significativo. Por meio dessa parceria, temos monitores da Neltur recebendo os estudantes e apresentando mais sobre a cidade onde vivem. Quando as crian\u00e7as participam desta sala de aula viva, a hist\u00f3ria e a arte se unem para educar e no futuro eles ser\u00e3o os divulgadores das belezas da cidade\u201d, afirmou.<\/p>\n<p data-raofz=\"15\"><strong>Sobre o programa \u2013\u00a0<\/strong>O Circuito da Cidade contempla alunos de diferentes idades, desde crian\u00e7as do GREI 5 at\u00e9 estudantes do 8\u00ba ano, que embarcam em \u00f4nibus tem\u00e1ticos, com identidade visual pr\u00f3pria, para conhecer de perto pontos tur\u00edsticos, hist\u00f3ricos, culturais e naturais de Niter\u00f3i.<\/p>\n<p data-raofz=\"15\">Entre os locais visitados est\u00e3o o Museu de Arte Contempor\u00e2nea de Niter\u00f3i (MAC), o Campo de S\u00e3o Bento, o Solar do Jambeiro, o Horto do Fonseca, a Fortaleza de Santa Cruz da Barra, a Ilha da Boa Viagem, o Parque Orla de Piratininga Alfredo Sirkis e o Theatro Municipal Jo\u00e3o Caetano, entre outros espa\u00e7os que integram o territ\u00f3rio ao processo educativo. A proposta \u00e9 ampliar o repert\u00f3rio cultural dos estudantes e fortalecer o sentimento de pertencimento, promovendo experi\u00eancias que conectam aprendizagem, cidadania e identidade.<\/p>\n","protected":false},"excerpt":{"rendered":"<p>&nbsp; Mais de 300 alunos da Rede Municipal de Educa\u00e7\u00e3o visitaram o Museu de Arte Popular Janete Costa, no Ing\u00e1, e o Centro Cultural Sueli Pontes, em Piratininga, como parte do programa Circuito da Cidade. A iniciativa da Prefeitura de Niter\u00f3i tem o objetivo de transformar a pr\u00f3pria cidade em uma sala de aula viva. [&hellip;]<\/p>\n","protected":false},"author":6,"featured_media":47725,"comment_status":"closed","ping_status":"closed","sticky":false,"template":"","format":"standard","meta":{"_et_pb_use_builder":"","_et_pb_old_content":"","_et_gb_content_width":"","footnotes":""},"categories":[4,6,10],"tags":[],"class_list":["post-47724","post","type-post","status-publish","format-standard","has-post-thumbnail","hentry","category-destaque","category-noticias","category-ultimas-noticias"],"_links":{"self":[{"href":"https:\/\/www.educacao.niteroi.rj.gov.br\/index.php?rest_route=\/wp\/v2\/posts\/47724","targetHints":{"allow":["GET"]}}],"collection":[{"href":"https:\/\/www.educacao.niteroi.rj.gov.br\/index.php?rest_route=\/wp\/v2\/posts"}],"about":[{"href":"https:\/\/www.educacao.niteroi.rj.gov.br\/index.php?rest_route=\/wp\/v2\/types\/post"}],"author":[{"embeddable":true,"href":"https:\/\/www.educacao.niteroi.rj.gov.br\/index.php?rest_route=\/wp\/v2\/users\/6"}],"replies":[{"embeddable":true,"href":"https:\/\/www.educacao.niteroi.rj.gov.br\/index.php?rest_route=%2Fwp%2Fv2%2Fcomments&post=47724"}],"version-history":[{"count":3,"href":"https:\/\/www.educacao.niteroi.rj.gov.br\/index.php?rest_route=\/wp\/v2\/posts\/47724\/revisions"}],"predecessor-version":[{"id":47777,"href":"https:\/\/www.educacao.niteroi.rj.gov.br\/index.php?rest_route=\/wp\/v2\/posts\/47724\/revisions\/47777"}],"wp:featuredmedia":[{"embeddable":true,"href":"https:\/\/www.educacao.niteroi.rj.gov.br\/index.php?rest_route=\/wp\/v2\/media\/47725"}],"wp:attachment":[{"href":"https:\/\/www.educacao.niteroi.rj.gov.br\/index.php?rest_route=%2Fwp%2Fv2%2Fmedia&parent=47724"}],"wp:term":[{"taxonomy":"category","embeddable":true,"href":"https:\/\/www.educacao.niteroi.rj.gov.br\/index.php?rest_route=%2Fwp%2Fv2%2Fcategories&post=47724"},{"taxonomy":"post_tag","embeddable":true,"href":"https:\/\/www.educacao.niteroi.rj.gov.br\/index.php?rest_route=%2Fwp%2Fv2%2Ftags&post=47724"}],"curies":[{"name":"wp","href":"https:\/\/api.w.org\/{rel}","templated":true}]}}