{"id":47856,"date":"2026-05-01T13:39:02","date_gmt":"2026-05-01T16:39:02","guid":{"rendered":"https:\/\/www.educacao.niteroi.rj.gov.br\/?p=47856"},"modified":"2026-05-01T13:49:01","modified_gmt":"2026-05-01T16:49:01","slug":"educacao-de-niteroi-lanca-edital-autores-da-rede-e-valoriza-producao-intelectual-de-profissionais-da-rede-municipal","status":"publish","type":"post","link":"https:\/\/www.educacao.niteroi.rj.gov.br\/?p=47856","title":{"rendered":"Educa\u00e7\u00e3o de Niter\u00f3i lan\u00e7a edital \u201cAutores da Rede\u201d e valoriza produ\u00e7\u00e3o intelectual de profissionais da Rede Municipal"},"content":{"rendered":"<p>Publicado nesta sexta-feira (1\u00ba), Dia do Trabalhador, o <a href=\"https:\/\/diariooficial.niteroi.rj.gov.br\/do\/2026\/05_Mai\/01.pdf\">edital Autores da Rede<\/a> marca um novo passo na pol\u00edtica de valoriza\u00e7\u00e3o dos profissionais da Educa\u00e7\u00e3o de Niter\u00f3i. A iniciativa da Secretaria Municipal de Educa\u00e7\u00e3o e da Funda\u00e7\u00e3o Municipal de Educa\u00e7\u00e3o vai selecionar artigos cient\u00edficos produzidos por servidores da Rede Municipal para publica\u00e7\u00e3o em uma colet\u00e2nea impressa e digital.<\/p>\n<p>O objetivo \u00e9 reconhecer professores, gestores e demais profissionais da rede como produtores de conhecimento, incentivando a sistematiza\u00e7\u00e3o de experi\u00eancias, pesquisas e pr\u00e1ticas pedag\u00f3gicas desenvolvidas no cotidiano escolar. A proposta tamb\u00e9m busca fortalecer a mem\u00f3ria institucional e ampliar a circula\u00e7\u00e3o de saberes constru\u00eddos na escola p\u00fablica municipal.<\/p>\n<p>Para o secret\u00e1rio municipal de Educa\u00e7\u00e3o, Bira Marques, a publica\u00e7\u00e3o do edital no Dia do Trabalhador refor\u00e7a o reconhecimento aos profissionais que constroem diariamente a educa\u00e7\u00e3o p\u00fablica da cidade.<\/p>\n<p>\u201cLan\u00e7ar este edital no Dia do Trabalhador tem um simbolismo muito forte, porque reafirma nosso compromisso de valorizar quem constr\u00f3i a educa\u00e7\u00e3o p\u00fablica todos os dias. Nossos profissionais n\u00e3o apenas ensinam: eles pesquisam, inovam, produzem conhecimento e transformam realidades dentro das escolas. O Autores da Rede nasce para reconhecer esse protagonismo e dar visibilidade \u00e0 pot\u00eancia intelectual da nossa rede municipal\u201d, destacou Bira Marques.<\/p>\n<p>As inscri\u00e7\u00f5es est\u00e3o abertas at\u00e9 31 de julho de 2026, exclusivamente por formul\u00e1rio online (<a href=\"https:\/\/forms.cloud.microsoft\/r\/GrPpeTHhMf\">https:\/\/forms.cloud.microsoft\/r\/GrPpeTHhMf<\/a>). No ato de inscri\u00e7\u00e3o, dever\u00e1 ser colocado um resumo e anexado o artigo, al\u00e9m de outras informa\u00e7\u00f5es. D\u00favidas e informa\u00e7\u00f5es dever\u00e3o ser encaminhadas ao e-mail: autoresdarede@educacao.niteroi.rj.gov.br.<\/p>\n<p>Poder\u00e3o participar servidores ativos lotados nas unidades de educa\u00e7\u00e3o ou na sede da SME\/FME, entre professores, coordenadores pedag\u00f3gicos, diretores e demais profissionais do quadro efetivo. Cada artigo poder\u00e1 ter at\u00e9 tr\u00eas autores, todos vinculados \u00e0 Rede Municipal.<\/p>\n<p>Os textos dever\u00e3o ser in\u00e9ditos e abordar temas relacionados \u00e0 Educa\u00e7\u00e3o B\u00e1sica, como pr\u00e1ticas pedag\u00f3gicas inovadoras, inclus\u00e3o, tecnologias educacionais, forma\u00e7\u00e3o docente, gest\u00e3o escolar e curr\u00edculo, entre outros.<\/p>\n<p>Os artigos inscritos ser\u00e3o avaliados pela Comiss\u00e3o Organizadora, composta por profissionais com forma\u00e7\u00e3o acad\u00eamica na \u00e1rea de Educa\u00e7\u00e3o. O processo de avalia\u00e7\u00e3o ser\u00e1 realizado sem a identifica\u00e7\u00e3o dos autores, garantindo isonomia, imparcialidade e transpar\u00eancia.<\/p>\n<p>Os artigos selecionados ser\u00e3o organizados em obra coletiva publicada em formato de livro impresso e digital, financiado pela Secretaria Municipal de Educa\u00e7\u00e3o de Niter\u00f3i e pela Funda\u00e7\u00e3o Municipal de Educa\u00e7\u00e3o de Niter\u00f3i. Os livros impressos n\u00e3o ser\u00e3o comercializados e cada autor selecionado receber\u00e1 exemplares da obra. Confira <a href=\"https:\/\/diariooficial.niteroi.rj.gov.br\/do\/2026\/05_Mai\/01.pdf\">aqui<\/a> o edital completo.<\/p>\n<p><strong>Confira o cronograma:<\/strong><\/p>\n<p>Per\u00edodo de submiss\u00e3o dos artigos: 01\/05\/2026 a 31\/07\/2026<br \/>\nDivulga\u00e7\u00e3o das inscri\u00e7\u00f5es validadas: 14\/08\/2026<br \/>\nAvalia\u00e7\u00e3o pelos pareceristas e pela Comiss\u00e3o Organizadora: 17\/08\/2026 a 28\/08\/2026<br \/>\nDivulga\u00e7\u00e3o do resultado preliminar: 01\/09\/2026<br \/>\nPrazo para interposi\u00e7\u00e3o de recursos: 01\/09\/2026 a 11\/09\/2026<br \/>\nDivulga\u00e7\u00e3o do resultado dos recursos: 18\/09\/2026<br \/>\nResultado final: 21\/09\/2026<br \/>\nEnvio e assinatura do Termo de Cess\u00e3o de Direitos Autorais Patrimoniais: 21\/09\/2026 a 25\/09\/2026<br \/>\nOrganiza\u00e7\u00e3o, revis\u00e3o editorial e diagrama\u00e7\u00e3o da colet\u00e2nea: 25\/09\/2026 a 30\/12\/2026<\/p>\n","protected":false},"excerpt":{"rendered":"<p>Publicado nesta sexta-feira (1\u00ba), Dia do Trabalhador, o edital Autores da Rede marca um novo passo na pol\u00edtica de valoriza\u00e7\u00e3o dos profissionais da Educa\u00e7\u00e3o de Niter\u00f3i. A iniciativa da Secretaria Municipal de Educa\u00e7\u00e3o e da Funda\u00e7\u00e3o Municipal de Educa\u00e7\u00e3o vai selecionar artigos cient\u00edficos produzidos por servidores da Rede Municipal para publica\u00e7\u00e3o em uma colet\u00e2nea impressa [&hellip;]<\/p>\n","protected":false},"author":6,"featured_media":47857,"comment_status":"closed","ping_status":"closed","sticky":false,"template":"","format":"standard","meta":{"_et_pb_use_builder":"","_et_pb_old_content":"","_et_gb_content_width":"","footnotes":""},"categories":[4,6,10],"tags":[],"class_list":["post-47856","post","type-post","status-publish","format-standard","has-post-thumbnail","hentry","category-destaque","category-noticias","category-ultimas-noticias"],"_links":{"self":[{"href":"https:\/\/www.educacao.niteroi.rj.gov.br\/index.php?rest_route=\/wp\/v2\/posts\/47856","targetHints":{"allow":["GET"]}}],"collection":[{"href":"https:\/\/www.educacao.niteroi.rj.gov.br\/index.php?rest_route=\/wp\/v2\/posts"}],"about":[{"href":"https:\/\/www.educacao.niteroi.rj.gov.br\/index.php?rest_route=\/wp\/v2\/types\/post"}],"author":[{"embeddable":true,"href":"https:\/\/www.educacao.niteroi.rj.gov.br\/index.php?rest_route=\/wp\/v2\/users\/6"}],"replies":[{"embeddable":true,"href":"https:\/\/www.educacao.niteroi.rj.gov.br\/index.php?rest_route=%2Fwp%2Fv2%2Fcomments&post=47856"}],"version-history":[{"count":3,"href":"https:\/\/www.educacao.niteroi.rj.gov.br\/index.php?rest_route=\/wp\/v2\/posts\/47856\/revisions"}],"predecessor-version":[{"id":47864,"href":"https:\/\/www.educacao.niteroi.rj.gov.br\/index.php?rest_route=\/wp\/v2\/posts\/47856\/revisions\/47864"}],"wp:featuredmedia":[{"embeddable":true,"href":"https:\/\/www.educacao.niteroi.rj.gov.br\/index.php?rest_route=\/wp\/v2\/media\/47857"}],"wp:attachment":[{"href":"https:\/\/www.educacao.niteroi.rj.gov.br\/index.php?rest_route=%2Fwp%2Fv2%2Fmedia&parent=47856"}],"wp:term":[{"taxonomy":"category","embeddable":true,"href":"https:\/\/www.educacao.niteroi.rj.gov.br\/index.php?rest_route=%2Fwp%2Fv2%2Fcategories&post=47856"},{"taxonomy":"post_tag","embeddable":true,"href":"https:\/\/www.educacao.niteroi.rj.gov.br\/index.php?rest_route=%2Fwp%2Fv2%2Ftags&post=47856"}],"curies":[{"name":"wp","href":"https:\/\/api.w.org\/{rel}","templated":true}]}}