{"id":47860,"date":"2026-04-29T19:40:35","date_gmt":"2026-04-29T22:40:35","guid":{"rendered":"https:\/\/www.educacao.niteroi.rj.gov.br\/?p=47860"},"modified":"2026-05-01T13:45:29","modified_gmt":"2026-05-01T16:45:29","slug":"niteroi-amplia-politica-de-inclusao-na-rede-municipal-de-educacao","status":"publish","type":"post","link":"https:\/\/www.educacao.niteroi.rj.gov.br\/?p=47860","title":{"rendered":"Niter\u00f3i amplia pol\u00edtica de inclus\u00e3o na Rede Municipal de Educa\u00e7\u00e3o"},"content":{"rendered":"<p>A cidade de Niter\u00f3i continua trabalhando em prol da inclus\u00e3o. Nesta ter\u00e7a-feira (28), o prefeito Rodrigo Neves sancionou a lei que cria o cargo de Agente de Apoio Escolar na rede municipal de Educa\u00e7\u00e3o e autoriza concurso p\u00fablico para a contrata\u00e7\u00e3o de 300 profissionais de apoio. A medida integra a nova Pol\u00edtica de Educa\u00e7\u00e3o Especial Inclusiva da cidade, estruturada em alinhamento com as diretrizes do Minist\u00e9rio da Educa\u00e7\u00e3o.<\/p>\n<p>A iniciativa responde ao crescimento da demanda por educa\u00e7\u00e3o especial nas escolas do munic\u00edpio e \u00e0 necessidade de ampliar as estrat\u00e9gias de inclus\u00e3o. Por isso, a Prefeitura, por meio da Secretaria Municipal de Educa\u00e7\u00e3o, estrutura uma pol\u00edtica mais abrangente, que articula forma\u00e7\u00e3o continuada, refor\u00e7o de equipes, qualifica\u00e7\u00e3o do atendimento e integra\u00e7\u00e3o com fam\u00edlias e institui\u00e7\u00f5es.<\/p>\n<p>\u201cNiter\u00f3i tem uma pol\u00edtica de inclus\u00e3o que nenhuma outra cidade do Rio de Janeiro tem. Em 2013, criamos a carreira do professor de apoio especializado. Este ano, chegamos a tr\u00eas mil crian\u00e7as com defici\u00eancia na nossa rede municipal, da qual eu me orgulho de dizer que \u00e9 a mais inclusiva do Estado\u201d, afirmou Rodrigo Neves.<\/p>\n<p>O prefeito ressaltou que a cria\u00e7\u00e3o dos agentes de apoio escolar \u00e9 uma resposta concreta ao aumento da demanda e garante mais cuidado, acessibilidade e condi\u00e7\u00f5es reais de aprendizagem para os estudantes. O novo cargo se soma a outras a\u00e7\u00f5es j\u00e1 implementadas, como a contrata\u00e7\u00e3o de mais 220 professores de apoio especializado por meio de concurso p\u00fablico, realizado em 2024.<\/p>\n<p>\u201cEsse avan\u00e7o se soma a outras iniciativas importantes, como a inaugura\u00e7\u00e3o do CAIS no ano passado, que ampliou o atendimento \u00e0s fam\u00edlias at\u00edpicas com um equipamento integrado e especializado. \u00c9 um conjunto de a\u00e7\u00f5es que refor\u00e7a o nosso compromisso com uma cidade mais justa, que acolhe e inclui de verdade\u201d, acrescentou ele.<\/p>\n<p>A primeira-dama e coordenadora do programa Niter\u00f3i por Elas, Fernanda Sixel Neves, ressaltou que o concurso para agentes de apoio escolar \u00e9 mais uma demonstra\u00e7\u00e3o de que a responsabilidade pelo acolhimento das pessoas at\u00edpicas \u00e9 de todos.<\/p>\n<p>\u201c\u00c9 um dia de felicidade e alegria, mas o trabalho n\u00e3o para. A Educa\u00e7\u00e3o d\u00e1 conta de uma parte desse trabalho, mas ele precisa ser integrado, uma responsabilidade coletiva da gest\u00e3o. O CAIS, por exemplo, \u00e9 uma proposta de acolhimento de toda a prefeitura, integrando Assist\u00eancia Social, Educa\u00e7\u00e3o e Sa\u00fade. Ando muito por outras cidades e \u00e9 impressionante o quanto n\u00f3s estamos muito \u00e0 frente na pol\u00edtica de inclus\u00e3o em todos os setores\u201d, disse ela.<\/p>\n<p>Os novos agentes de apoio escolar ter\u00e3o jornada de 40 horas semanais e exig\u00eancia de ensino m\u00e9dio completo. A atua\u00e7\u00e3o ser\u00e1 complementar ao trabalho pedag\u00f3gico, apoiando estudantes nas atividades de alimenta\u00e7\u00e3o, higiene, locomo\u00e7\u00e3o e participa\u00e7\u00e3o nas rotinas escolares, contribuindo para garantir acessibilidade, perman\u00eancia e autonomia. O cargo n\u00e3o tem atribui\u00e7\u00f5es docentes e n\u00e3o substitui o professor regente nem o professor do Atendimento Educacional Especializado, preservando a organiza\u00e7\u00e3o pedag\u00f3gica das escolas.<\/p>\n<p>\u201cO aumento da demanda por educa\u00e7\u00e3o especial exige respostas mais robustas. O agente de apoio escolar vem para complementar o trabalho pedag\u00f3gico, garantindo cuidado, acessibilidade e perman\u00eancia, sem substituir o papel do professor. \u00c9 uma pol\u00edtica mais completa, que olha para o estudante em todas as suas necessidades\u201d, enfatizou o secret\u00e1rio municipal de Educa\u00e7\u00e3o, Bira Marques.<\/p>\n<p>Outro eixo da pol\u00edtica \u00e9 o investimento em forma\u00e7\u00e3o profissional. Todos os novos agentes passar\u00e3o por capacita\u00e7\u00e3o no Centro de Forma\u00e7\u00e3o Darcy Ribeiro antes de iniciarem suas atividades nas escolas. Professores de apoio que j\u00e1 atuam na rede tamb\u00e9m participam de forma\u00e7\u00f5es continuadas, fortalecendo as pr\u00e1ticas inclusivas no cotidiano escolar.<\/p>\n<p>A dona de casa Priscila Brum Treiger, de 38 anos, ficou satisfeita ao saber do concurso para a contrata\u00e7\u00e3o de profissionais de apoio. Ela \u00e9 m\u00e3e da pequena Isabela, de 7 anos, que estuda na rede p\u00fablica de Niter\u00f3i e tem autismo.<\/p>\n<p>\u201c\u00c9 muito necess\u00e1rio. As crian\u00e7as que t\u00eam autismo necessitam da equipe de apoio para ter um bom desempenho na escola. Minha filha, por exemplo, precisa de algu\u00e9m que a ajude a ter aten\u00e7\u00e3o dentro da sala de aula para realizar as atividades, porque n\u00e3o consegue sozinha. Ela ainda n\u00e3o \u00e9 desfraldada, ent\u00e3o tem que ter uma pessoa que ajude na hora de ir ao banheiro e troque a fralda. A professora, se estiver sozinha com todos os alunos, n\u00e3o consegue dar aten\u00e7\u00e3o a essas crian\u00e7as especiais\u201d, observou ela.<\/p>\n<p><strong>CAIS \u2013<\/strong> No campo da estrutura de atendimento, a Prefeitura inaugurou, no fim do ano passado, o Centro de Avalia\u00e7\u00e3o e Inclus\u00e3o Social (CAIS), no Centro de Niter\u00f3i. O equipamento \u00e9 voltado especialmente ao atendimento de crian\u00e7as com Transtorno do Espectro Autista (TEA) e integra as \u00e1reas de sa\u00fade, educa\u00e7\u00e3o e assist\u00eancia social, organizando fluxos, ampliando o cuidado e garantindo acolhimento qualificado \u00e0s fam\u00edlias.<\/p>\n<p>O CAIS funciona como refer\u00eancia para avalia\u00e7\u00e3o, orienta\u00e7\u00e3o e encaminhamentos, reunindo profissionais de diversas \u00e1reas em uma atua\u00e7\u00e3o integrada. O atendimento \u00e9 regulado e inclui acompanhamento multidisciplinar, al\u00e9m de grupos de orienta\u00e7\u00e3o para familiares.<\/p>\n<p>&nbsp;<\/p>\n","protected":false},"excerpt":{"rendered":"<p>A cidade de Niter\u00f3i continua trabalhando em prol da inclus\u00e3o. Nesta ter\u00e7a-feira (28), o prefeito Rodrigo Neves sancionou a lei que cria o cargo de Agente de Apoio Escolar na rede municipal de Educa\u00e7\u00e3o e autoriza concurso p\u00fablico para a contrata\u00e7\u00e3o de 300 profissionais de apoio. A medida integra a nova Pol\u00edtica de Educa\u00e7\u00e3o Especial [&hellip;]<\/p>\n","protected":false},"author":6,"featured_media":47861,"comment_status":"closed","ping_status":"closed","sticky":false,"template":"","format":"standard","meta":{"_et_pb_use_builder":"","_et_pb_old_content":"","_et_gb_content_width":"","footnotes":""},"categories":[4,6,10],"tags":[],"class_list":["post-47860","post","type-post","status-publish","format-standard","has-post-thumbnail","hentry","category-destaque","category-noticias","category-ultimas-noticias"],"_links":{"self":[{"href":"https:\/\/www.educacao.niteroi.rj.gov.br\/index.php?rest_route=\/wp\/v2\/posts\/47860","targetHints":{"allow":["GET"]}}],"collection":[{"href":"https:\/\/www.educacao.niteroi.rj.gov.br\/index.php?rest_route=\/wp\/v2\/posts"}],"about":[{"href":"https:\/\/www.educacao.niteroi.rj.gov.br\/index.php?rest_route=\/wp\/v2\/types\/post"}],"author":[{"embeddable":true,"href":"https:\/\/www.educacao.niteroi.rj.gov.br\/index.php?rest_route=\/wp\/v2\/users\/6"}],"replies":[{"embeddable":true,"href":"https:\/\/www.educacao.niteroi.rj.gov.br\/index.php?rest_route=%2Fwp%2Fv2%2Fcomments&post=47860"}],"version-history":[{"count":1,"href":"https:\/\/www.educacao.niteroi.rj.gov.br\/index.php?rest_route=\/wp\/v2\/posts\/47860\/revisions"}],"predecessor-version":[{"id":47862,"href":"https:\/\/www.educacao.niteroi.rj.gov.br\/index.php?rest_route=\/wp\/v2\/posts\/47860\/revisions\/47862"}],"wp:featuredmedia":[{"embeddable":true,"href":"https:\/\/www.educacao.niteroi.rj.gov.br\/index.php?rest_route=\/wp\/v2\/media\/47861"}],"wp:attachment":[{"href":"https:\/\/www.educacao.niteroi.rj.gov.br\/index.php?rest_route=%2Fwp%2Fv2%2Fmedia&parent=47860"}],"wp:term":[{"taxonomy":"category","embeddable":true,"href":"https:\/\/www.educacao.niteroi.rj.gov.br\/index.php?rest_route=%2Fwp%2Fv2%2Fcategories&post=47860"},{"taxonomy":"post_tag","embeddable":true,"href":"https:\/\/www.educacao.niteroi.rj.gov.br\/index.php?rest_route=%2Fwp%2Fv2%2Ftags&post=47860"}],"curies":[{"name":"wp","href":"https:\/\/api.w.org\/{rel}","templated":true}]}}