{"id":47863,"date":"2026-04-15T14:11:39","date_gmt":"2026-04-15T17:11:39","guid":{"rendered":"https:\/\/www.educacao.niteroi.rj.gov.br\/?p=47863"},"modified":"2026-05-01T14:13:13","modified_gmt":"2026-05-01T17:13:13","slug":"educacao-de-niteroi-amplia-investimentos-e-inicia-formacao-inclusiva-para-profissionais-da-rede","status":"publish","type":"post","link":"https:\/\/www.educacao.niteroi.rj.gov.br\/?p=47863","title":{"rendered":"Educa\u00e7\u00e3o de Niter\u00f3i amplia investimentos e inicia forma\u00e7\u00e3o inclusiva para profissionais da rede"},"content":{"rendered":"<p>A Secretaria Municipal de Educa\u00e7\u00e3o de Niter\u00f3i vai iniciar em abril uma nova etapa de forma\u00e7\u00e3o continuada em educa\u00e7\u00e3o especial na perspectiva inclusiva, voltada aos profissionais da Rede Municipal de Ensino. A iniciativa contempla professores de apoio, professores regentes, pedagogos e diretores, e ser\u00e1 realizada no Centro de Forma\u00e7\u00e3o Darcy Ribeiro, em parceria com o Senac, por meio do Centro de Refer\u00eancia em Educa\u00e7\u00e3o Inclusiva (CREI).<\/p>\n<p>A a\u00e7\u00e3o integra um conjunto mais amplo de investimentos da Prefeitura de Niter\u00f3i na \u00e1rea da educa\u00e7\u00e3o inclusiva, que inclui tamb\u00e9m o envio de mensagem executiva \u00e0 C\u00e2mara Municipal para a cria\u00e7\u00e3o do cargo de profissional de apoio especializado.<\/p>\n<p>A forma\u00e7\u00e3o faz parte da nova pol\u00edtica de educa\u00e7\u00e3o especial inclusiva que est\u00e1 sendo estruturada pelo munic\u00edpio, com foco na qualifica\u00e7\u00e3o das pr\u00e1ticas pedag\u00f3gicas e no fortalecimento do atendimento aos estudantes. Nesta primeira etapa, participam professores de apoio e regentes do Ensino Fundamental I, al\u00e9m de diretores e pedagogos, fortalecendo uma atua\u00e7\u00e3o integrada nas unidades. Todas as unidades ser\u00e3o contempladas gradualmente.<\/p>\n<p>Para o secret\u00e1rio municipal de Educa\u00e7\u00e3o, Bira Marques, a iniciativa representa um avan\u00e7o estrutural na pol\u00edtica educacional do munic\u00edpio.<\/p>\n<p>\u201cA demanda da educa\u00e7\u00e3o especial cresceu em todo o pa\u00eds, e esse \u00e9 hoje um dos grandes desafios da educa\u00e7\u00e3o brasileira, e em Niter\u00f3i n\u00e3o \u00e9 diferente. A partir dessa realidade, estamos reestruturando nossa pol\u00edtica com mais robustez, planejamento e investimento, porque essa \u00e9 uma prioridade da gest\u00e3o. Tamb\u00e9m estamos fortalecendo a rela\u00e7\u00e3o entre escola e fam\u00edlia, entendendo que \u00e9 nessa parceria que garantimos o direito de cada crian\u00e7a, respeitando suas individualidades e assegurando condi\u00e7\u00f5es reais de aprendizagem\u201d, destacou o secret\u00e1rio Bira Marques.<\/p>\n<p>O objetivo da forma\u00e7\u00e3o \u00e9 produzir uma cultura inclusiva, fortalecendo pr\u00e1ticas pedag\u00f3gicas acess\u00edveis, colaborativas, e potencializando a atua\u00e7\u00e3o dos educadores, por meio da forma\u00e7\u00e3o continuada e do desenvolvimento de estrat\u00e9gias inclusivas situadas nos contextos reais das escolas, voltadas a todos os estudantes e ao enfrentamento dos desafios do cotidiano escolar.<\/p>\n<p>A parceria com o Senac conecta a Rede Municipal ao Centro de Refer\u00eancia em Educa\u00e7\u00e3o Inclusiva (Crei), que oferece atendimento multidisciplinar, reunindo educadores, m\u00e9dicos, psic\u00f3logos, fonoaudi\u00f3logos, terapeutas ocupacionais, assistentes sociais e nutricionistas, al\u00e9m de desenvolver pesquisas, produzir conhecimento e promover forma\u00e7\u00e3o continuada para profissionais da educa\u00e7\u00e3o. No Centro, tamb\u00e9m s\u00e3o criados materiais pedag\u00f3gicos acess\u00edveis e dispositivos de tecnologia assistiva e comunica\u00e7\u00e3o alternativa, utilizados tanto nas escolas participantes quanto em cursos do Senac.<\/p>\n<p>\u201cA gente desenvolve um programa de forma\u00e7\u00e3o para professores, inclusive tamb\u00e9m para professores regentes, que est\u00e3o em sala de aula, muito pr\u00e1ticas, com estrat\u00e9gias de como garantir que todos os alunos, inclusive aqueles com defici\u00eancia, possam participar com qualidade, tendo acesso \u00e0 educa\u00e7\u00e3o\u201d, explicou a diretora do Crei Sesc Senac, Maria Antonia Goulart.<\/p>\n<p>Com carga hor\u00e1ria de 20 horas, a forma\u00e7\u00e3o ser\u00e1 realizada em cinco encontros presenciais e abordar\u00e1 conceitos, princ\u00edpios e fundamentos da educa\u00e7\u00e3o inclusiva, estrat\u00e9gias de atendimento especializado e a constru\u00e7\u00e3o de instrumentos como o Plano Educacional Individualizado (PEI), al\u00e9m do uso de recursos acess\u00edveis e tecnologias de apoio. A metodologia prev\u00ea atividades pr\u00e1ticas, experimenta\u00e7\u00e3o e acompanhamento das estrat\u00e9gias aplicadas no cotidiano escolar.<\/p>\n<p><strong>Investimentos<\/strong> \u2013 A forma\u00e7\u00e3o anunciada integra um conjunto mais amplo de a\u00e7\u00f5es que v\u00eam sendo implementadas pela Prefeitura de Niter\u00f3i para fortalecer a educa\u00e7\u00e3o especial na Rede Municipal. Nesta semana, o prefeito Rodrigo Neves encaminhou \u00e0 C\u00e2mara de Vereadores a mensagem executiva que cria o cargo de Agente de Apoio Escolar e autoriza a realiza\u00e7\u00e3o de concurso p\u00fablico para a contrata\u00e7\u00e3o de 300 profissionais. A medida responde ao crescimento da demanda por educa\u00e7\u00e3o especial e amplia as estrat\u00e9gias de inclus\u00e3o nas escolas, somando-se tamb\u00e9m ao concurso p\u00fablico realizado em 2024, que garantiu a entrada de mais de 220 professores de apoio especializado na rede.<\/p>\n<p>A nova fun\u00e7\u00e3o ser\u00e1 voltada ao apoio no cotidiano das crian\u00e7as e estudantes, contribuindo para atividades como alimenta\u00e7\u00e3o, higiene, locomo\u00e7\u00e3o e participa\u00e7\u00e3o nas rotinas escolares, sem substituir o papel pedag\u00f3gico dos professores. As a\u00e7\u00f5es se articulam ainda com a implanta\u00e7\u00e3o do Centro de Avalia\u00e7\u00e3o e Inclus\u00e3o Social (CAIS), inaugurado no ano passado, que ampliou o atendimento \u00e0s fam\u00edlias com um espa\u00e7o de refer\u00eancia e atua\u00e7\u00e3o multidisciplinar. Em conjunto com a forma\u00e7\u00e3o continuada, essas iniciativas consolidam uma pol\u00edtica mais estruturada, que integra cuidado, acessibilidade e garantia do direito \u00e0 aprendizagem.<\/p>\n","protected":false},"excerpt":{"rendered":"<p>A Secretaria Municipal de Educa\u00e7\u00e3o de Niter\u00f3i vai iniciar em abril uma nova etapa de forma\u00e7\u00e3o continuada em educa\u00e7\u00e3o especial na perspectiva inclusiva, voltada aos profissionais da Rede Municipal de Ensino. A iniciativa contempla professores de apoio, professores regentes, pedagogos e diretores, e ser\u00e1 realizada no Centro de Forma\u00e7\u00e3o Darcy Ribeiro, em parceria com o [&hellip;]<\/p>\n","protected":false},"author":6,"featured_media":47865,"comment_status":"closed","ping_status":"closed","sticky":false,"template":"","format":"standard","meta":{"_et_pb_use_builder":"","_et_pb_old_content":"","_et_gb_content_width":"","footnotes":""},"categories":[4,6,1,10],"tags":[],"class_list":["post-47863","post","type-post","status-publish","format-standard","has-post-thumbnail","hentry","category-destaque","category-noticias","category-sem-categoria","category-ultimas-noticias"],"_links":{"self":[{"href":"https:\/\/www.educacao.niteroi.rj.gov.br\/index.php?rest_route=\/wp\/v2\/posts\/47863","targetHints":{"allow":["GET"]}}],"collection":[{"href":"https:\/\/www.educacao.niteroi.rj.gov.br\/index.php?rest_route=\/wp\/v2\/posts"}],"about":[{"href":"https:\/\/www.educacao.niteroi.rj.gov.br\/index.php?rest_route=\/wp\/v2\/types\/post"}],"author":[{"embeddable":true,"href":"https:\/\/www.educacao.niteroi.rj.gov.br\/index.php?rest_route=\/wp\/v2\/users\/6"}],"replies":[{"embeddable":true,"href":"https:\/\/www.educacao.niteroi.rj.gov.br\/index.php?rest_route=%2Fwp%2Fv2%2Fcomments&post=47863"}],"version-history":[{"count":1,"href":"https:\/\/www.educacao.niteroi.rj.gov.br\/index.php?rest_route=\/wp\/v2\/posts\/47863\/revisions"}],"predecessor-version":[{"id":47866,"href":"https:\/\/www.educacao.niteroi.rj.gov.br\/index.php?rest_route=\/wp\/v2\/posts\/47863\/revisions\/47866"}],"wp:featuredmedia":[{"embeddable":true,"href":"https:\/\/www.educacao.niteroi.rj.gov.br\/index.php?rest_route=\/wp\/v2\/media\/47865"}],"wp:attachment":[{"href":"https:\/\/www.educacao.niteroi.rj.gov.br\/index.php?rest_route=%2Fwp%2Fv2%2Fmedia&parent=47863"}],"wp:term":[{"taxonomy":"category","embeddable":true,"href":"https:\/\/www.educacao.niteroi.rj.gov.br\/index.php?rest_route=%2Fwp%2Fv2%2Fcategories&post=47863"},{"taxonomy":"post_tag","embeddable":true,"href":"https:\/\/www.educacao.niteroi.rj.gov.br\/index.php?rest_route=%2Fwp%2Fv2%2Ftags&post=47863"}],"curies":[{"name":"wp","href":"https:\/\/api.w.org\/{rel}","templated":true}]}}