{"id":48542,"date":"2026-09-02T16:47:27","date_gmt":"2026-09-02T19:47:27","guid":{"rendered":"https:\/\/www.educacao.niteroi.rj.gov.br\/?p=48542"},"modified":"2026-09-02T16:47:27","modified_gmt":"2026-09-02T19:47:27","slug":"niteroi-aplica-avaliacao-diagnostica-para-acompanhar-aprendizagem-de-estudantes-da-rede-municipal","status":"publish","type":"post","link":"https:\/\/www.educacao.niteroi.rj.gov.br\/?p=48542","title":{"rendered":"Niter\u00f3i aplica avalia\u00e7\u00e3o diagn\u00f3stica para acompanhar aprendizagem de estudantes da Rede Municipal"},"content":{"rendered":"<p>A Prefeitura de Niter\u00f3i est\u00e1 realizando, nesta semana, o \u201cAvaliar para Conhecer\u201d, avalia\u00e7\u00e3o diagn\u00f3stica destinada aos estudantes do 2\u00ba ao 9\u00ba ano do Ensino Fundamental da Rede Municipal. Coordenada pela Secretaria Municipal de Educa\u00e7\u00e3o, a iniciativa busca identificar o desenvolvimento da aprendizagem e fornecer informa\u00e7\u00f5es que auxiliem escolas e professores no planejamento de estrat\u00e9gias pedag\u00f3gicas de acordo com as necessidades dos estudantes.<\/p>\n<p>Mais do que mensurar o desempenho, a avalia\u00e7\u00e3o permite identificar potencialidades, aprendizagens j\u00e1 consolidadas e desafios que ainda precisam ser superados. A partir dos resultados, as unidades de ensino podem orientar o trabalho pedag\u00f3gico e ajustar as pr\u00e1ticas em sala de aula, com estrat\u00e9gias inclusivas e direcionadas ao desenvolvimento dos estudantes. A iniciativa integra a pol\u00edtica de avalia\u00e7\u00e3o da Rede Municipal, que utiliza dados e indicadores para subsidiar o planejamento e o acompanhamento das a\u00e7\u00f5es pedag\u00f3gicas.<\/p>\n<p><img loading=\"lazy\" decoding=\"async\" class=\"size-medium wp-image-48544 alignleft\" src=\"https:\/\/www.educacao.niteroi.rj.gov.br\/wp-content\/uploads\/2026\/09\/WhatsApp-Image-2026-09-02-at-16.44.03-300x200.jpeg\" alt=\"\" width=\"300\" height=\"200\" \/>\u201cAvaliar para Conhecer significa olhar para cada estudante para entender como ele est\u00e1 aprendendo e, a partir disso, pensar os pr\u00f3ximos passos. A avalia\u00e7\u00e3o n\u00e3o \u00e9 um fim em si mesma. Ela \u00e9 uma ferramenta para que a escola possa planejar melhor, acompanhar cada trajet\u00f3ria e garantir o direito de aprender de todos os nossos estudantes\u201d, afirma o secret\u00e1rio municipal de Educa\u00e7\u00e3o, Bira Marques.<\/p>\n<p>A iniciativa faz parte de um conjunto de a\u00e7\u00f5es da Rede Municipal voltadas \u00e0 aprendizagem e \u00e0 perman\u00eancia dos estudantes. Entre elas est\u00e1 a Jornada do Conhecimento \u2013 Pelo Direito de Aprender, que re\u00fane avalia\u00e7\u00e3o diagn\u00f3stica, acompanhamento pedag\u00f3gico, forma\u00e7\u00e3o continuada e pol\u00edticas de perman\u00eancia escolar. A estrat\u00e9gia inclui ainda iniciativas como o Tamo Junto na Escola, voltado \u00e0 busca ativa e \u00e0 perman\u00eancia dos alunos, al\u00e9m de programas de alfabetiza\u00e7\u00e3o e acompanhamento pedag\u00f3gico.<\/p>\n<p>Avan\u00e7os \u2013 O acompanhamento da aprendizagem e o uso de dados para orientar as pr\u00e1ticas pedag\u00f3gicas ocorrem em um cen\u00e1rio de evolu\u00e7\u00e3o dos indicadores educacionais de Niter\u00f3i. Em 2025, a Rede Municipal alcan\u00e7ou a melhor taxa de rendimento de sua hist\u00f3ria, com 93,5% de aprova\u00e7\u00e3o. A reprova\u00e7\u00e3o caiu para 5,9% e o abandono escolar chegou a 0,6%.<\/p>\n<p>Niter\u00f3i tamb\u00e9m registrou avan\u00e7os no \u00cdndice de Desenvolvimento da Educa\u00e7\u00e3o B\u00e1sica (Ideb), ficando entre os munic\u00edpios de grande porte que mais cresceram no pa\u00eds. No recorte que re\u00fane capitais e cidades com mais de 500 mil habitantes, o munic\u00edpio conquistou o 5\u00ba lugar nos anos finais e o 8\u00ba nos anos iniciais. O indicador cresceu 10% nas duas etapas em rela\u00e7\u00e3o a 2023.<img loading=\"lazy\" decoding=\"async\" class=\"size-medium wp-image-48545 alignright\" src=\"https:\/\/www.educacao.niteroi.rj.gov.br\/wp-content\/uploads\/2026\/09\/WhatsApp-Image-2026-09-02-at-16.44.05-300x200.jpeg\" alt=\"\" width=\"300\" height=\"200\" \/><\/p>\n<p>Casa da Avalia\u00e7\u00e3o \u2013 Vinculada \u00e0 Secretaria Municipal de Educa\u00e7\u00e3o, a Casa da Avalia\u00e7\u00e3o \u00e9 respons\u00e1vel pela produ\u00e7\u00e3o e an\u00e1lise de dados e indicadores que ajudam a acompanhar a aprendizagem dos estudantes e orientar o planejamento pedag\u00f3gico da Rede Municipal. O trabalho re\u00fane informa\u00e7\u00f5es de fontes internas e externas, como taxas de rendimento escolar, dados do Sistema de Avalia\u00e7\u00e3o da Educa\u00e7\u00e3o B\u00e1sica (Saeb) e do Censo Escolar.<\/p>\n<p>A partir desses diagn\u00f3sticos, a Secretaria e as unidades de ensino podem acompanhar os resultados, identificar desafios e planejar a\u00e7\u00f5es pedag\u00f3gicas de acordo com as necessidades dos estudantes. O trabalho permite ainda avaliar as estrat\u00e9gias adotadas ao longo do ano letivo e realizar ajustes quando necess\u00e1rio.<\/p>\n","protected":false},"excerpt":{"rendered":"<p>A Prefeitura de Niter\u00f3i est\u00e1 realizando, nesta semana, o \u201cAvaliar para Conhecer\u201d, avalia\u00e7\u00e3o diagn\u00f3stica destinada aos estudantes do 2\u00ba ao 9\u00ba ano do Ensino Fundamental da Rede Municipal. Coordenada pela Secretaria Municipal de Educa\u00e7\u00e3o, a iniciativa busca identificar o desenvolvimento da aprendizagem e fornecer informa\u00e7\u00f5es que auxiliem escolas e professores no planejamento de estrat\u00e9gias pedag\u00f3gicas [&hellip;]<\/p>\n","protected":false},"author":6,"featured_media":48543,"comment_status":"closed","ping_status":"closed","sticky":false,"template":"","format":"standard","meta":{"_et_pb_use_builder":"","_et_pb_old_content":"","_et_gb_content_width":"","footnotes":""},"categories":[4,6,10],"tags":[],"class_list":["post-48542","post","type-post","status-publish","format-standard","has-post-thumbnail","hentry","category-destaque","category-noticias","category-ultimas-noticias"],"_links":{"self":[{"href":"https:\/\/www.educacao.niteroi.rj.gov.br\/index.php?rest_route=\/wp\/v2\/posts\/48542","targetHints":{"allow":["GET"]}}],"collection":[{"href":"https:\/\/www.educacao.niteroi.rj.gov.br\/index.php?rest_route=\/wp\/v2\/posts"}],"about":[{"href":"https:\/\/www.educacao.niteroi.rj.gov.br\/index.php?rest_route=\/wp\/v2\/types\/post"}],"author":[{"embeddable":true,"href":"https:\/\/www.educacao.niteroi.rj.gov.br\/index.php?rest_route=\/wp\/v2\/users\/6"}],"replies":[{"embeddable":true,"href":"https:\/\/www.educacao.niteroi.rj.gov.br\/index.php?rest_route=%2Fwp%2Fv2%2Fcomments&post=48542"}],"version-history":[{"count":1,"href":"https:\/\/www.educacao.niteroi.rj.gov.br\/index.php?rest_route=\/wp\/v2\/posts\/48542\/revisions"}],"predecessor-version":[{"id":48546,"href":"https:\/\/www.educacao.niteroi.rj.gov.br\/index.php?rest_route=\/wp\/v2\/posts\/48542\/revisions\/48546"}],"wp:featuredmedia":[{"embeddable":true,"href":"https:\/\/www.educacao.niteroi.rj.gov.br\/index.php?rest_route=\/wp\/v2\/media\/48543"}],"wp:attachment":[{"href":"https:\/\/www.educacao.niteroi.rj.gov.br\/index.php?rest_route=%2Fwp%2Fv2%2Fmedia&parent=48542"}],"wp:term":[{"taxonomy":"category","embeddable":true,"href":"https:\/\/www.educacao.niteroi.rj.gov.br\/index.php?rest_route=%2Fwp%2Fv2%2Fcategories&post=48542"},{"taxonomy":"post_tag","embeddable":true,"href":"https:\/\/www.educacao.niteroi.rj.gov.br\/index.php?rest_route=%2Fwp%2Fv2%2Ftags&post=48542"}],"curies":[{"name":"wp","href":"https:\/\/api.w.org\/{rel}","templated":true}]}}